{"id":2311,"date":"2023-09-07T18:24:22","date_gmt":"2023-09-07T16:24:22","guid":{"rendered":"https:\/\/sv-muenchwilen.ch\/?p=2311"},"modified":"2023-09-07T18:52:39","modified_gmt":"2023-09-07T16:52:39","slug":"flintentag-2023-in-tobel","status":"publish","type":"post","link":"https:\/\/sv-muenchwilen.ch\/?p=2311","title":{"rendered":"Flintentag 2023 in Tobel"},"content":{"rendered":"\n<p>Am vergangenen Sonntag, dem 3. September 2023, war es wieder soweit \u2013 der Sch\u00fctzenverein M\u00fcnchwilen machte sich auf den Weg zum allj\u00e4hrlichen Flintentag in Tobel. Bei strahlendem Sonnenschein versammelten sich Sch\u00fctzen und alle Interessierten unterschiedlichen Alters und Erfahrungsniveaus auf dem Schie\u00dfstand, um an diesem traditionellen Wettbewerb teilzunehmen.<\/p>\n\n\n\n<p>Der Flintentag in Tobel ist bekannt f\u00fcr seine erstklassige Organisation und die ausgezeichneten Bedingungen auf dem Schie\u00dfstand. Die Sch\u00fctzen sch\u00e4tzen die Zuverl\u00e4ssigkeit und Pr\u00e4zision der Anlagen, auf die sie sich verlassen k\u00f6nnen, um ihr Bestes zu geben.<\/p>\n\n\n\n<p>Die Atmosph\u00e4re auf dem Schie\u00dfstand ist gepr\u00e4gt von Kameradschaft und gegenseitiger Unterst\u00fctzung. Sch\u00fctzen aus verschiedenen Vereinen und alle Interessierten tauschen Erfahrungen und Tipps aus und sch\u00e4tzen die Gemeinschaft, die an diesem Tag besonders sp\u00fcrbar ist.<\/p>\n\n\n\n<p>Am Ende des Tages kehrten wir einem guten Resultat und sch\u00f6nen Erfahrungen nach Hause zur\u00fcck. <\/p>\n\n\n\n<p>Die Resultate k\u00f6nnen direkt auf der<a href=\"https:\/\/sgtobel.ch\/schussbild\/\" data-type=\"link\" data-id=\"https:\/\/sgtobel.ch\/schussbild\/\" target=\"_blank\" rel=\"noreferrer noopener\"> Homepage der Sch\u00fctzengesellschaft Tobel<\/a> abgerufen werden. <\/p>\n","protected":false},"excerpt":{"rendered":"<p>Am vergangenen Sonntag, dem 3. September 2023, war es wieder soweit \u2013 der Sch\u00fctzenverein M\u00fcnchwilen machte sich auf den Weg&hellip;<\/p>\n","protected":false},"author":319,"featured_media":0,"comment_status":"closed","ping_status":"closed","sticky":false,"template":"","format":"standard","meta":{"footnotes":""},"categories":[15],"tags":[],"class_list":["post-2311","post","type-post","status-publish","format-standard","hentry","category-aktuelles"],"_links":{"self":[{"href":"https:\/\/sv-muenchwilen.ch\/index.php?rest_route=\/wp\/v2\/posts\/2311","targetHints":{"allow":["GET"]}}],"collection":[{"href":"https:\/\/sv-muenchwilen.ch\/index.php?rest_route=\/wp\/v2\/posts"}],"about":[{"href":"https:\/\/sv-muenchwilen.ch\/index.php?rest_route=\/wp\/v2\/types\/post"}],"author":[{"embeddable":true,"href":"https:\/\/sv-muenchwilen.ch\/index.php?rest_route=\/wp\/v2\/users\/319"}],"replies":[{"embeddable":true,"href":"https:\/\/sv-muenchwilen.ch\/index.php?rest_route=%2Fwp%2Fv2%2Fcomments&post=2311"}],"version-history":[{"count":4,"href":"https:\/\/sv-muenchwilen.ch\/index.php?rest_route=\/wp\/v2\/posts\/2311\/revisions"}],"predecessor-version":[{"id":2315,"href":"https:\/\/sv-muenchwilen.ch\/index.php?rest_route=\/wp\/v2\/posts\/2311\/revisions\/2315"}],"wp:attachment":[{"href":"https:\/\/sv-muenchwilen.ch\/index.php?rest_route=%2Fwp%2Fv2%2Fmedia&parent=2311"}],"wp:term":[{"taxonomy":"category","embeddable":true,"href":"https:\/\/sv-muenchwilen.ch\/index.php?rest_route=%2Fwp%2Fv2%2Fcategories&post=2311"},{"taxonomy":"post_tag","embeddable":true,"href":"https:\/\/sv-muenchwilen.ch\/index.php?rest_route=%2Fwp%2Fv2%2Ftags&post=2311"}],"curies":[{"name":"wp","href":"https:\/\/api.w.org\/{rel}","templated":true}]}}