{"id":2365,"date":"2024-02-18T15:37:14","date_gmt":"2024-02-18T14:37:14","guid":{"rendered":"https:\/\/sv-muenchwilen.ch\/?p=2365"},"modified":"2024-02-18T15:37:14","modified_gmt":"2024-02-18T14:37:14","slug":"fuehrung-mosterei-moehl-in-arbon","status":"publish","type":"post","link":"https:\/\/sv-muenchwilen.ch\/?p=2365","title":{"rendered":"F\u00fchrung Mosterei M\u00f6hl in Arbon"},"content":{"rendered":"\n<p>Wir durften am Samstag 10.Feb.23 an einer F\u00fchrung in der Mosterei M\u00f6hl teilnehmen.                     Durch die interessanten und lebhaften Erkl\u00e4rungen von unserm Betriebsf\u00fchrer Max, haben wir einen guten Einblick des Mosterei Prozesses erhalten. Anschliessend durften wir noch einige S\u00e4fte degustieren und waren \u00fcberrascht \u00fcber die vielen Sorten und geschmacksunterschiede.                                                                                                                  Vielen Dank f\u00fcr die interessante F\u00fchrung und die Unterst\u00fctzung des Schiesssport`s im Thurgau!<\/p>\n\n\n\n<figure class=\"wp-block-image size-large is-resized\"><img loading=\"lazy\" decoding=\"async\" width=\"682\" height=\"1091\" src=\"https:\/\/sv-muenchwilen.ch\/wp-content\/uploads\/2024\/02\/IMG-20240212-WA00071-edited.jpg\" alt=\"\" class=\"wp-image-2367\" style=\"width:351px;height:auto\" srcset=\"https:\/\/sv-muenchwilen.ch\/wp-content\/uploads\/2024\/02\/IMG-20240212-WA00071-edited.jpg 682w, https:\/\/sv-muenchwilen.ch\/wp-content\/uploads\/2024\/02\/IMG-20240212-WA00071-edited-188x300.jpg 188w, https:\/\/sv-muenchwilen.ch\/wp-content\/uploads\/2024\/02\/IMG-20240212-WA00071-edited-640x1024.jpg 640w\" sizes=\"auto, (max-width: 682px) 100vw, 682px\" \/><\/figure>\n\n\n\n<figure class=\"wp-block-gallery has-nested-images columns-default is-cropped wp-block-gallery-1 is-layout-flex wp-block-gallery-is-layout-flex\">\n<figure class=\"wp-block-image size-large\"><img loading=\"lazy\" decoding=\"async\" width=\"1024\" height=\"576\" data-id=\"2368\" src=\"https:\/\/sv-muenchwilen.ch\/wp-content\/uploads\/2024\/02\/IMG-20240212-WA00051-1024x576.jpg\" alt=\"\" class=\"wp-image-2368\" srcset=\"https:\/\/sv-muenchwilen.ch\/wp-content\/uploads\/2024\/02\/IMG-20240212-WA00051-1024x576.jpg 1024w, https:\/\/sv-muenchwilen.ch\/wp-content\/uploads\/2024\/02\/IMG-20240212-WA00051-300x169.jpg 300w, https:\/\/sv-muenchwilen.ch\/wp-content\/uploads\/2024\/02\/IMG-20240212-WA00051-768x432.jpg 768w, https:\/\/sv-muenchwilen.ch\/wp-content\/uploads\/2024\/02\/IMG-20240212-WA00051-1536x864.jpg 1536w, https:\/\/sv-muenchwilen.ch\/wp-content\/uploads\/2024\/02\/IMG-20240212-WA00051-540x304.jpg 540w, https:\/\/sv-muenchwilen.ch\/wp-content\/uploads\/2024\/02\/IMG-20240212-WA00051-1140x641.jpg 1140w, https:\/\/sv-muenchwilen.ch\/wp-content\/uploads\/2024\/02\/IMG-20240212-WA00051.jpg 2048w\" sizes=\"auto, (max-width: 1024px) 100vw, 1024px\" \/><\/figure>\n<\/figure>\n\n\n\n<figure class=\"wp-block-image size-large\"><img loading=\"lazy\" decoding=\"async\" width=\"1024\" height=\"576\" src=\"https:\/\/sv-muenchwilen.ch\/wp-content\/uploads\/2024\/02\/IMG-20240212-WA00041-1024x576.jpg\" alt=\"\" class=\"wp-image-2369\" srcset=\"https:\/\/sv-muenchwilen.ch\/wp-content\/uploads\/2024\/02\/IMG-20240212-WA00041-1024x576.jpg 1024w, https:\/\/sv-muenchwilen.ch\/wp-content\/uploads\/2024\/02\/IMG-20240212-WA00041-300x169.jpg 300w, https:\/\/sv-muenchwilen.ch\/wp-content\/uploads\/2024\/02\/IMG-20240212-WA00041-768x432.jpg 768w, https:\/\/sv-muenchwilen.ch\/wp-content\/uploads\/2024\/02\/IMG-20240212-WA00041-1536x864.jpg 1536w, https:\/\/sv-muenchwilen.ch\/wp-content\/uploads\/2024\/02\/IMG-20240212-WA00041-540x304.jpg 540w, https:\/\/sv-muenchwilen.ch\/wp-content\/uploads\/2024\/02\/IMG-20240212-WA00041-1140x641.jpg 1140w, https:\/\/sv-muenchwilen.ch\/wp-content\/uploads\/2024\/02\/IMG-20240212-WA00041.jpg 2048w\" sizes=\"auto, (max-width: 1024px) 100vw, 1024px\" \/><\/figure>\n","protected":false},"excerpt":{"rendered":"<p>Wir durften am Samstag 10.Feb.23 an einer F\u00fchrung in der Mosterei M\u00f6hl teilnehmen. Durch die interessanten und lebhaften Erkl\u00e4rungen von&hellip;<\/p>\n","protected":false},"author":4,"featured_media":0,"comment_status":"open","ping_status":"closed","sticky":false,"template":"","format":"standard","meta":{"footnotes":""},"categories":[15],"tags":[],"class_list":["post-2365","post","type-post","status-publish","format-standard","hentry","category-aktuelles"],"_links":{"self":[{"href":"https:\/\/sv-muenchwilen.ch\/index.php?rest_route=\/wp\/v2\/posts\/2365","targetHints":{"allow":["GET"]}}],"collection":[{"href":"https:\/\/sv-muenchwilen.ch\/index.php?rest_route=\/wp\/v2\/posts"}],"about":[{"href":"https:\/\/sv-muenchwilen.ch\/index.php?rest_route=\/wp\/v2\/types\/post"}],"author":[{"embeddable":true,"href":"https:\/\/sv-muenchwilen.ch\/index.php?rest_route=\/wp\/v2\/users\/4"}],"replies":[{"embeddable":true,"href":"https:\/\/sv-muenchwilen.ch\/index.php?rest_route=%2Fwp%2Fv2%2Fcomments&post=2365"}],"version-history":[{"count":1,"href":"https:\/\/sv-muenchwilen.ch\/index.php?rest_route=\/wp\/v2\/posts\/2365\/revisions"}],"predecessor-version":[{"id":2370,"href":"https:\/\/sv-muenchwilen.ch\/index.php?rest_route=\/wp\/v2\/posts\/2365\/revisions\/2370"}],"wp:attachment":[{"href":"https:\/\/sv-muenchwilen.ch\/index.php?rest_route=%2Fwp%2Fv2%2Fmedia&parent=2365"}],"wp:term":[{"taxonomy":"category","embeddable":true,"href":"https:\/\/sv-muenchwilen.ch\/index.php?rest_route=%2Fwp%2Fv2%2Fcategories&post=2365"},{"taxonomy":"post_tag","embeddable":true,"href":"https:\/\/sv-muenchwilen.ch\/index.php?rest_route=%2Fwp%2Fv2%2Ftags&post=2365"}],"curies":[{"name":"wp","href":"https:\/\/api.w.org\/{rel}","templated":true}]}}